{"id":1964,"date":"2026-04-25T12:46:39","date_gmt":"2026-04-25T15:46:39","guid":{"rendered":"https:\/\/vrosario.gob.ar\/?p=1964"},"modified":"2026-04-25T12:46:42","modified_gmt":"2026-04-25T15:46:42","slug":"huerta-urbana-comunitaria","status":"publish","type":"post","link":"https:\/\/vrosario.gob.ar\/?p=1964","title":{"rendered":"HUERTA URBANA COMUNITARIA"},"content":{"rendered":"<p>Durante las jornadas del lunes y martes, recibimos en la Huerta Urbana Comunitaria a \ud835\uddee\ud835\uddf9\ud835\ude02\ud835\uddfa\ud835\uddfb\ud835\uddfc\ud835\ude00 \ud835\uddf1\ud835\uddf2 \ud835\udff0\u00ba \ud835\uddf4\ud835\uddff\ud835\uddee\ud835\uddf1\ud835\uddfc \ud835\uddf1\ud835\uddf2 \ud835\uddf9\ud835\uddee \ud835\uddd8\ud835\ude00\ud835\uddf0\ud835\ude02\ud835\uddf2\ud835\uddf9\ud835\uddee \ud835\udde1\u00ba \ud835\udff2 \u201c\ud835\uddda\ud835\uddff\ud835\uddee\ud835\uddfb\ud835\uddee\ud835\uddf1\ud835\uddf2\ud835\uddff\ud835\uddfc \ud835\uddf1\ud835\uddf2 \ud835\udde6\ud835\uddee\ud835\uddfb \ud835\udde0\ud835\uddee\ud835\uddff\ud835\ude01\u00ed\ud835\uddfb\u201d, acompa\u00f1ados por su docente y el profesor de agropecuaria Jorge Verd\u00fan.<br \/>\n\ud83e\udd6c En este espacio se gener\u00f3 un intercambio muy enriquecedor, utilizando la huerta como un laboratorio vivo, donde los contenidos te\u00f3ricos del aula se transforman en pr\u00e1cticas reales.<br \/>\n\ud83c\udf3f Esta experiencia permite a los estudiantes no solo reforzar lo aprendido, sino tambi\u00e9n desarrollar valores de ciudadan\u00eda, fomentar el respeto por la naturaleza y comprender la importancia de la soberan\u00eda alimentaria.<br \/>\n\ud83d\ude4c\ud83c\udffb Agradecemos a los alumnos por su visita\ud83d\udc9a<\/p>\n","protected":false},"excerpt":{"rendered":"<p>Durante las jornadas del lunes y martes, recibimos en la Huerta Urbana Comunitaria a \ud835\uddee\ud835\uddf9\ud835\ude02\ud835\uddfa\ud835\uddfb\ud835\uddfc\ud835\ude00 \ud835\uddf1\ud835\uddf2 \ud835\udff0\u00ba \ud835\uddf4\ud835\uddff\ud835\uddee\ud835\uddf1\ud835\uddfc \ud835\uddf1\ud835\uddf2 \ud835\uddf9\ud835\uddee \ud835\uddd8\ud835\ude00\ud835\uddf0\ud835\ude02\ud835\uddf2\ud835\uddf9\ud835\uddee \ud835\udde1\u00ba \ud835\udff2 \u201c\ud835\uddda\ud835\uddff\ud835\uddee\ud835\uddfb\ud835\uddee\ud835\uddf1\ud835\uddf2\ud835\uddff\ud835\uddfc \ud835\uddf1\ud835\uddf2 \ud835\udde6\ud835\uddee\ud835\uddfb \ud835\udde0\ud835\uddee\ud835\uddff\ud835\ude01\u00ed\ud835\uddfb\u201d, acompa\u00f1ados por su docente y el profesor de agropecuaria Jorge Verd\u00fan. \ud83e\udd6c En este espacio se gener\u00f3 un intercambio muy enriquecedor, utilizando la huerta como un laboratorio vivo, [&hellip;]<\/p>\n","protected":false},"author":2,"featured_media":1965,"comment_status":"open","ping_status":"open","sticky":false,"template":"","format":"standard","meta":{"_et_pb_use_builder":"","_et_pb_old_content":"","footnotes":""},"categories":[1],"tags":[],"class_list":["post-1964","post","type-post","status-publish","format-standard","has-post-thumbnail","hentry","category-sin-categoria"],"_links":{"self":[{"href":"https:\/\/vrosario.gob.ar\/index.php?rest_route=\/wp\/v2\/posts\/1964"}],"collection":[{"href":"https:\/\/vrosario.gob.ar\/index.php?rest_route=\/wp\/v2\/posts"}],"about":[{"href":"https:\/\/vrosario.gob.ar\/index.php?rest_route=\/wp\/v2\/types\/post"}],"author":[{"embeddable":true,"href":"https:\/\/vrosario.gob.ar\/index.php?rest_route=\/wp\/v2\/users\/2"}],"replies":[{"embeddable":true,"href":"https:\/\/vrosario.gob.ar\/index.php?rest_route=%2Fwp%2Fv2%2Fcomments&post=1964"}],"version-history":[{"count":1,"href":"https:\/\/vrosario.gob.ar\/index.php?rest_route=\/wp\/v2\/posts\/1964\/revisions"}],"predecessor-version":[{"id":1966,"href":"https:\/\/vrosario.gob.ar\/index.php?rest_route=\/wp\/v2\/posts\/1964\/revisions\/1966"}],"wp:featuredmedia":[{"embeddable":true,"href":"https:\/\/vrosario.gob.ar\/index.php?rest_route=\/wp\/v2\/media\/1965"}],"wp:attachment":[{"href":"https:\/\/vrosario.gob.ar\/index.php?rest_route=%2Fwp%2Fv2%2Fmedia&parent=1964"}],"wp:term":[{"taxonomy":"category","embeddable":true,"href":"https:\/\/vrosario.gob.ar\/index.php?rest_route=%2Fwp%2Fv2%2Fcategories&post=1964"},{"taxonomy":"post_tag","embeddable":true,"href":"https:\/\/vrosario.gob.ar\/index.php?rest_route=%2Fwp%2Fv2%2Ftags&post=1964"}],"curies":[{"name":"wp","href":"https:\/\/api.w.org\/{rel}","templated":true}]}}