{"id":1991,"date":"2026-04-29T15:34:48","date_gmt":"2026-04-29T18:34:48","guid":{"rendered":"https:\/\/vrosario.gob.ar\/?p=1991"},"modified":"2026-04-29T15:34:50","modified_gmt":"2026-04-29T18:34:50","slug":"trabajo-conjunto-por-las-infancias","status":"publish","type":"post","link":"https:\/\/vrosario.gob.ar\/?p=1991","title":{"rendered":"TRABAJO CONJUNTO POR LAS INFANCIAS"},"content":{"rendered":"<p>En la jornada de este mi\u00e9rcoles 29 de abril, la Presidente Municipal Vanina Perini, junto al Secretario de Gobierno Diego Cortiana, referentes de \u00e1reas municipales y representantes de instituciones intermedias de la localidad, participaron de una reuni\u00f3n junto a Gabriela Auri, coordinadora departamental de COPNAF Federaci\u00f3n, y su equipo de trabajo.<br \/>\nEl encuentro, organizado por COPNAF en articulaci\u00f3n con el \u00c1rea de Ni\u00f1ez de Villa del Rosario, se desarroll\u00f3 en el Sal\u00f3n del Concejo Deliberante.<br \/>\nEl objetivo fue generar un espacio de articulaci\u00f3n y trabajo conjunto entre instituciones y actores comunitarios, fortaleciendo el abordaje de las situaciones que atraviesan las infancias en el territorio.<\/p>\n","protected":false},"excerpt":{"rendered":"<p>En la jornada de este mi\u00e9rcoles 29 de abril, la Presidente Municipal Vanina Perini, junto al Secretario de Gobierno Diego Cortiana, referentes de \u00e1reas municipales y representantes de instituciones intermedias de la localidad, participaron de una reuni\u00f3n junto a Gabriela Auri, coordinadora departamental de COPNAF Federaci\u00f3n, y su equipo de trabajo. El encuentro, organizado por [&hellip;]<\/p>\n","protected":false},"author":2,"featured_media":1992,"comment_status":"open","ping_status":"open","sticky":false,"template":"","format":"standard","meta":{"_et_pb_use_builder":"","_et_pb_old_content":"","footnotes":""},"categories":[1],"tags":[],"class_list":["post-1991","post","type-post","status-publish","format-standard","has-post-thumbnail","hentry","category-sin-categoria"],"_links":{"self":[{"href":"https:\/\/vrosario.gob.ar\/index.php?rest_route=\/wp\/v2\/posts\/1991"}],"collection":[{"href":"https:\/\/vrosario.gob.ar\/index.php?rest_route=\/wp\/v2\/posts"}],"about":[{"href":"https:\/\/vrosario.gob.ar\/index.php?rest_route=\/wp\/v2\/types\/post"}],"author":[{"embeddable":true,"href":"https:\/\/vrosario.gob.ar\/index.php?rest_route=\/wp\/v2\/users\/2"}],"replies":[{"embeddable":true,"href":"https:\/\/vrosario.gob.ar\/index.php?rest_route=%2Fwp%2Fv2%2Fcomments&post=1991"}],"version-history":[{"count":1,"href":"https:\/\/vrosario.gob.ar\/index.php?rest_route=\/wp\/v2\/posts\/1991\/revisions"}],"predecessor-version":[{"id":1993,"href":"https:\/\/vrosario.gob.ar\/index.php?rest_route=\/wp\/v2\/posts\/1991\/revisions\/1993"}],"wp:featuredmedia":[{"embeddable":true,"href":"https:\/\/vrosario.gob.ar\/index.php?rest_route=\/wp\/v2\/media\/1992"}],"wp:attachment":[{"href":"https:\/\/vrosario.gob.ar\/index.php?rest_route=%2Fwp%2Fv2%2Fmedia&parent=1991"}],"wp:term":[{"taxonomy":"category","embeddable":true,"href":"https:\/\/vrosario.gob.ar\/index.php?rest_route=%2Fwp%2Fv2%2Fcategories&post=1991"},{"taxonomy":"post_tag","embeddable":true,"href":"https:\/\/vrosario.gob.ar\/index.php?rest_route=%2Fwp%2Fv2%2Ftags&post=1991"}],"curies":[{"name":"wp","href":"https:\/\/api.w.org\/{rel}","templated":true}]}}