{"id":2547,"date":"2026-08-31T19:23:14","date_gmt":"2026-08-31T22:23:14","guid":{"rendered":"https:\/\/vrosario.gob.ar\/?p=2547"},"modified":"2026-08-31T19:23:16","modified_gmt":"2026-08-31T22:23:16","slug":"aportes-a-emprendedores-locales","status":"publish","type":"post","link":"https:\/\/vrosario.gob.ar\/?p=2547","title":{"rendered":"APORTES A EMPRENDEDORES LOCALES"},"content":{"rendered":"<p>En el marco del Programa Municipal \u201cEst\u00edmulo Laboral\u201d, la Presidente Municipal Vanina Perini , acompa\u00f1ada por miembros del HCD, el secretario de Gobierno, Diego Cortiana y la secretaria Anabella Dal Mol\u00edn, realiz\u00f3 una nueva entrega de aportes reintegrables a emprendedores de Villa del Rosario y el ejido rural.<br \/>\n\ud83d\udc64 En este sentido, la Presidente Municipal expres\u00f3:<br \/>\n\ud83d\udde3\ufe0f\ud83d\udcac Estamos muy contentos por esta nueva entrega de aportes a nuestros emprendedores de la planta urbana y del ejido rural.<br \/>\n\ud83d\udde3\ufe0f\ud83d\udcac Tuvimos m\u00e1s de 40 inscriptos y 40 cumplieron con los requisitos. La entrega se realiz\u00f3 en dos etapas y esta es la \u00faltima correspondiente al presente a\u00f1o.<br \/>\n\ud83d\udde3\ufe0f\ud83d\udcac Desde el Gobierno de Villa del Rosario perseguimos el objetivo de fomentar y acompa\u00f1ar a nuestros emprendedores en un momento tan complejo para todos. El Municipio y nuestros vecinos no escapan a esa realidad, pero hacemos un esfuerzo conjunto porque siempre vale la pena.<br \/>\n\ud83d\udde3\ufe0f\ud83d\udcac El pr\u00f3ximo a\u00f1o, si hay una nueva inscripci\u00f3n, les pedimos que est\u00e9n atentos. Se comunicar\u00e1 a trav\u00e9s de los distintos medios de comunicaci\u00f3n para que todos tengan la posibilidad de acceder a este beneficio.<br \/>\n\ud83d\udcaa Seguimos acompa\u00f1ando a quienes emprenden, generan oportunidades y apuestan cada d\u00eda por crecer en nuestra comunidad.<\/p>\n","protected":false},"excerpt":{"rendered":"<p>En el marco del Programa Municipal \u201cEst\u00edmulo Laboral\u201d, la Presidente Municipal Vanina Perini , acompa\u00f1ada por miembros del HCD, el secretario de Gobierno, Diego Cortiana y la secretaria Anabella Dal Mol\u00edn, realiz\u00f3 una nueva entrega de aportes reintegrables a emprendedores de Villa del Rosario y el ejido rural. \ud83d\udc64 En este sentido, la Presidente Municipal [&hellip;]<\/p>\n","protected":false},"author":2,"featured_media":2548,"comment_status":"open","ping_status":"open","sticky":false,"template":"","format":"standard","meta":{"_et_pb_use_builder":"","_et_pb_old_content":"","footnotes":""},"categories":[1],"tags":[],"class_list":["post-2547","post","type-post","status-publish","format-standard","has-post-thumbnail","hentry","category-sin-categoria"],"_links":{"self":[{"href":"https:\/\/vrosario.gob.ar\/index.php?rest_route=\/wp\/v2\/posts\/2547"}],"collection":[{"href":"https:\/\/vrosario.gob.ar\/index.php?rest_route=\/wp\/v2\/posts"}],"about":[{"href":"https:\/\/vrosario.gob.ar\/index.php?rest_route=\/wp\/v2\/types\/post"}],"author":[{"embeddable":true,"href":"https:\/\/vrosario.gob.ar\/index.php?rest_route=\/wp\/v2\/users\/2"}],"replies":[{"embeddable":true,"href":"https:\/\/vrosario.gob.ar\/index.php?rest_route=%2Fwp%2Fv2%2Fcomments&post=2547"}],"version-history":[{"count":1,"href":"https:\/\/vrosario.gob.ar\/index.php?rest_route=\/wp\/v2\/posts\/2547\/revisions"}],"predecessor-version":[{"id":2549,"href":"https:\/\/vrosario.gob.ar\/index.php?rest_route=\/wp\/v2\/posts\/2547\/revisions\/2549"}],"wp:featuredmedia":[{"embeddable":true,"href":"https:\/\/vrosario.gob.ar\/index.php?rest_route=\/wp\/v2\/media\/2548"}],"wp:attachment":[{"href":"https:\/\/vrosario.gob.ar\/index.php?rest_route=%2Fwp%2Fv2%2Fmedia&parent=2547"}],"wp:term":[{"taxonomy":"category","embeddable":true,"href":"https:\/\/vrosario.gob.ar\/index.php?rest_route=%2Fwp%2Fv2%2Fcategories&post=2547"},{"taxonomy":"post_tag","embeddable":true,"href":"https:\/\/vrosario.gob.ar\/index.php?rest_route=%2Fwp%2Fv2%2Ftags&post=2547"}],"curies":[{"name":"wp","href":"https:\/\/api.w.org\/{rel}","templated":true}]}}