{"id":2550,"date":"2026-09-01T07:54:07","date_gmt":"2026-09-01T10:54:07","guid":{"rendered":"https:\/\/vrosario.gob.ar\/?p=2550"},"modified":"2026-09-01T07:54:09","modified_gmt":"2026-09-01T10:54:09","slug":"ordenamiento-del-transito-pesado","status":"publish","type":"post","link":"https:\/\/vrosario.gob.ar\/?p=2550","title":{"rendered":"ORDENAMIENTO DEL TR\u00c1NSITO PESADO"},"content":{"rendered":"<p>Desde el \u00c1rea de Tr\u00e1nsito, se informa que a partir de mediados de septiembre se instalar\u00e1 un reductor de altura a metros del arco de entrada a Villa del Rosario, sobre Avda. Pbro. Emilio Abecia.<br \/>\n\ud83d\udccf La altura m\u00e1xima permitida es de 3,50 metros.<br \/>\n\ud83d\udee3\ufe0f Esta medida tiene como objetivo preservar la cinta asf\u00e1ltica y contribuir al ordenamiento y cuidado de la infraestructura vial, procurando que estas mejoras perduren en el tiempo.<br \/>\n\ud83d\ude9b INGRESO Y EGRESO DEL TR\u00c1NSITO PESADO<br \/>\n\ud83d\udee3\ufe0f Los veh\u00edculos de tr\u00e1nsito pesado deber\u00e1n ingresar y egresar por los siguientes puntos:<br \/>\n\ud83d\udccd Ruta Provincial N\u00b0 2 y Calle N\u00b0 2 \u2013 Cruce Percara.<br \/>\n\ud83d\udccd Ruta Provincial N\u00b0 2 y Calle N\u00b0 4 \u2013 Ferm\u00edn Masetto.<br \/>\n\ud83d\ude4f Solicitamos a transportistas y conductores respetar la nueva disposici\u00f3n y la se\u00f1alizaci\u00f3n correspondiente.<br \/>\n\ud83e\udd1d Entre todos construimos una Villa del Rosario m\u00e1s ordenada y segura.<\/p>\n","protected":false},"excerpt":{"rendered":"<p>Desde el \u00c1rea de Tr\u00e1nsito, se informa que a partir de mediados de septiembre se instalar\u00e1 un reductor de altura a metros del arco de entrada a Villa del Rosario, sobre Avda. Pbro. Emilio Abecia. \ud83d\udccf La altura m\u00e1xima permitida es de 3,50 metros. \ud83d\udee3\ufe0f Esta medida tiene como objetivo preservar la cinta asf\u00e1ltica y [&hellip;]<\/p>\n","protected":false},"author":2,"featured_media":2551,"comment_status":"open","ping_status":"open","sticky":false,"template":"","format":"standard","meta":{"_et_pb_use_builder":"","_et_pb_old_content":"","footnotes":""},"categories":[1],"tags":[],"class_list":["post-2550","post","type-post","status-publish","format-standard","has-post-thumbnail","hentry","category-sin-categoria"],"_links":{"self":[{"href":"https:\/\/vrosario.gob.ar\/index.php?rest_route=\/wp\/v2\/posts\/2550"}],"collection":[{"href":"https:\/\/vrosario.gob.ar\/index.php?rest_route=\/wp\/v2\/posts"}],"about":[{"href":"https:\/\/vrosario.gob.ar\/index.php?rest_route=\/wp\/v2\/types\/post"}],"author":[{"embeddable":true,"href":"https:\/\/vrosario.gob.ar\/index.php?rest_route=\/wp\/v2\/users\/2"}],"replies":[{"embeddable":true,"href":"https:\/\/vrosario.gob.ar\/index.php?rest_route=%2Fwp%2Fv2%2Fcomments&post=2550"}],"version-history":[{"count":1,"href":"https:\/\/vrosario.gob.ar\/index.php?rest_route=\/wp\/v2\/posts\/2550\/revisions"}],"predecessor-version":[{"id":2552,"href":"https:\/\/vrosario.gob.ar\/index.php?rest_route=\/wp\/v2\/posts\/2550\/revisions\/2552"}],"wp:featuredmedia":[{"embeddable":true,"href":"https:\/\/vrosario.gob.ar\/index.php?rest_route=\/wp\/v2\/media\/2551"}],"wp:attachment":[{"href":"https:\/\/vrosario.gob.ar\/index.php?rest_route=%2Fwp%2Fv2%2Fmedia&parent=2550"}],"wp:term":[{"taxonomy":"category","embeddable":true,"href":"https:\/\/vrosario.gob.ar\/index.php?rest_route=%2Fwp%2Fv2%2Fcategories&post=2550"},{"taxonomy":"post_tag","embeddable":true,"href":"https:\/\/vrosario.gob.ar\/index.php?rest_route=%2Fwp%2Fv2%2Ftags&post=2550"}],"curies":[{"name":"wp","href":"https:\/\/api.w.org\/{rel}","templated":true}]}}