{"id":2562,"date":"2026-09-02T08:30:43","date_gmt":"2026-09-02T11:30:43","guid":{"rendered":"https:\/\/vrosario.gob.ar\/?p=2562"},"modified":"2026-09-02T08:30:45","modified_gmt":"2026-09-02T11:30:45","slug":"anses-en-villa-del-rosario","status":"publish","type":"post","link":"https:\/\/vrosario.gob.ar\/?p=2562","title":{"rendered":"ANSES EN VILLA DEL ROSARIO"},"content":{"rendered":"<p>El punto de contacto de ANSES Concordia, informa que el jueves 24 de septiembre, de 08.00 a 12.00 h, atender\u00e1 en el Centro Cultural de Villa Del Rosario.<br \/>\n\u25aa\ufe0fLa atenci\u00f3n del organismo se realizar\u00e1 por orden de llegada y con capacidad operativa dependiendo de la disponibilidad del funcionario a cargo.<br \/>\n\u25aa\ufe0fSe atender\u00e1 a titulares y\/o apoderados con DNI correspondiente y respecto a las siguientes tramitaciones:<br \/>\n\u25cf Altas<br \/>\n\u25cf Bajas<br \/>\n\u25cf Asesoramiento<br \/>\n\u26a0\ufe0f En caso de requerir otro tipo de tr\u00e1mite, se derivar\u00e1 al \u00e1rea correspondiente.<\/p>\n","protected":false},"excerpt":{"rendered":"<p>El punto de contacto de ANSES Concordia, informa que el jueves 24 de septiembre, de 08.00 a 12.00 h, atender\u00e1 en el Centro Cultural de Villa Del Rosario. \u25aa\ufe0fLa atenci\u00f3n del organismo se realizar\u00e1 por orden de llegada y con capacidad operativa dependiendo de la disponibilidad del funcionario a cargo. \u25aa\ufe0fSe atender\u00e1 a titulares y\/o [&hellip;]<\/p>\n","protected":false},"author":2,"featured_media":2563,"comment_status":"open","ping_status":"open","sticky":false,"template":"","format":"standard","meta":{"_et_pb_use_builder":"","_et_pb_old_content":"","footnotes":""},"categories":[1],"tags":[],"class_list":["post-2562","post","type-post","status-publish","format-standard","has-post-thumbnail","hentry","category-sin-categoria"],"_links":{"self":[{"href":"https:\/\/vrosario.gob.ar\/index.php?rest_route=\/wp\/v2\/posts\/2562"}],"collection":[{"href":"https:\/\/vrosario.gob.ar\/index.php?rest_route=\/wp\/v2\/posts"}],"about":[{"href":"https:\/\/vrosario.gob.ar\/index.php?rest_route=\/wp\/v2\/types\/post"}],"author":[{"embeddable":true,"href":"https:\/\/vrosario.gob.ar\/index.php?rest_route=\/wp\/v2\/users\/2"}],"replies":[{"embeddable":true,"href":"https:\/\/vrosario.gob.ar\/index.php?rest_route=%2Fwp%2Fv2%2Fcomments&post=2562"}],"version-history":[{"count":1,"href":"https:\/\/vrosario.gob.ar\/index.php?rest_route=\/wp\/v2\/posts\/2562\/revisions"}],"predecessor-version":[{"id":2564,"href":"https:\/\/vrosario.gob.ar\/index.php?rest_route=\/wp\/v2\/posts\/2562\/revisions\/2564"}],"wp:featuredmedia":[{"embeddable":true,"href":"https:\/\/vrosario.gob.ar\/index.php?rest_route=\/wp\/v2\/media\/2563"}],"wp:attachment":[{"href":"https:\/\/vrosario.gob.ar\/index.php?rest_route=%2Fwp%2Fv2%2Fmedia&parent=2562"}],"wp:term":[{"taxonomy":"category","embeddable":true,"href":"https:\/\/vrosario.gob.ar\/index.php?rest_route=%2Fwp%2Fv2%2Fcategories&post=2562"},{"taxonomy":"post_tag","embeddable":true,"href":"https:\/\/vrosario.gob.ar\/index.php?rest_route=%2Fwp%2Fv2%2Ftags&post=2562"}],"curies":[{"name":"wp","href":"https:\/\/api.w.org\/{rel}","templated":true}]}}