{"id":2574,"date":"2026-09-03T09:54:26","date_gmt":"2026-09-03T12:54:26","guid":{"rendered":"https:\/\/vrosario.gob.ar\/?p=2574"},"modified":"2026-09-03T09:54:28","modified_gmt":"2026-09-03T12:54:28","slug":"auxilio-adolescencia-taller-para-padres","status":"publish","type":"post","link":"https:\/\/vrosario.gob.ar\/?p=2574","title":{"rendered":"AUXILIO ADOLESCENCIA | TALLER PARA PADRES"},"content":{"rendered":"<p>Acompa\u00f1ar a nuestros adolescentes tambi\u00e9n es aprender juntos.<br \/>\nEl \u00c1rea de NAF y Mujer invita a madres, padres y adultos responsables a participar de un espacio pensado para comprender, acompa\u00f1ar y fortalecer los v\u00ednculos durante la adolescencia.<br \/>\n\ud83d\udcac Durante el taller se abordar\u00e1n distintas problem\u00e1ticas propias de esta etapa y se generar\u00e1 un espacio de orientaci\u00f3n, apoyo, intercambio de experiencias y herramientas para afrontar los desaf\u00edos cotidianos.<br \/>\n\ud83d\udcc5 Viernes 18 de septiembre<br \/>\n\ud83d\udd57 20:00 hs.<br \/>\n\ud83d\udccd CIC Villa del Rosario<br \/>\n\ud83d\udc64Disertantes:<br \/>\n\ud83d\udde3\ufe0f\ud83d\udcac Lic. Clarisa Sassani<br \/>\n\ud83d\udde3\ufe0f\ud83d\udcac Lic. Pamela Velazco<br \/>\n\ud83e\udd1d Un espacio para compartir, escuchar y encontrar nuevas herramientas para acompa\u00f1ar.<br \/>\n\u00a1Te esperamos!<\/p>\n","protected":false},"excerpt":{"rendered":"<p>Acompa\u00f1ar a nuestros adolescentes tambi\u00e9n es aprender juntos. El \u00c1rea de NAF y Mujer invita a madres, padres y adultos responsables a participar de un espacio pensado para comprender, acompa\u00f1ar y fortalecer los v\u00ednculos durante la adolescencia. \ud83d\udcac Durante el taller se abordar\u00e1n distintas problem\u00e1ticas propias de esta etapa y se generar\u00e1 un espacio de [&hellip;]<\/p>\n","protected":false},"author":2,"featured_media":2575,"comment_status":"open","ping_status":"open","sticky":false,"template":"","format":"standard","meta":{"_et_pb_use_builder":"","_et_pb_old_content":"","footnotes":""},"categories":[1],"tags":[],"class_list":["post-2574","post","type-post","status-publish","format-standard","has-post-thumbnail","hentry","category-sin-categoria"],"_links":{"self":[{"href":"https:\/\/vrosario.gob.ar\/index.php?rest_route=\/wp\/v2\/posts\/2574"}],"collection":[{"href":"https:\/\/vrosario.gob.ar\/index.php?rest_route=\/wp\/v2\/posts"}],"about":[{"href":"https:\/\/vrosario.gob.ar\/index.php?rest_route=\/wp\/v2\/types\/post"}],"author":[{"embeddable":true,"href":"https:\/\/vrosario.gob.ar\/index.php?rest_route=\/wp\/v2\/users\/2"}],"replies":[{"embeddable":true,"href":"https:\/\/vrosario.gob.ar\/index.php?rest_route=%2Fwp%2Fv2%2Fcomments&post=2574"}],"version-history":[{"count":1,"href":"https:\/\/vrosario.gob.ar\/index.php?rest_route=\/wp\/v2\/posts\/2574\/revisions"}],"predecessor-version":[{"id":2576,"href":"https:\/\/vrosario.gob.ar\/index.php?rest_route=\/wp\/v2\/posts\/2574\/revisions\/2576"}],"wp:featuredmedia":[{"embeddable":true,"href":"https:\/\/vrosario.gob.ar\/index.php?rest_route=\/wp\/v2\/media\/2575"}],"wp:attachment":[{"href":"https:\/\/vrosario.gob.ar\/index.php?rest_route=%2Fwp%2Fv2%2Fmedia&parent=2574"}],"wp:term":[{"taxonomy":"category","embeddable":true,"href":"https:\/\/vrosario.gob.ar\/index.php?rest_route=%2Fwp%2Fv2%2Fcategories&post=2574"},{"taxonomy":"post_tag","embeddable":true,"href":"https:\/\/vrosario.gob.ar\/index.php?rest_route=%2Fwp%2Fv2%2Ftags&post=2574"}],"curies":[{"name":"wp","href":"https:\/\/api.w.org\/{rel}","templated":true}]}}